{"id":42512,"date":"2026-03-25T15:46:40","date_gmt":"2026-03-25T15:46:40","guid":{"rendered":"https:\/\/www.martinclinic.ro\/?p=42512"},"modified":"2025-02-07T10:28:04","modified_gmt":"2025-02-07T08:28:04","slug":"de-ce-imi-cade-parul","status":"publish","type":"post","link":"https:\/\/martinclinic.ro\/en\/de-ce-imi-cade-parul\/","title":{"rendered":"Why is my hair falling out? Causes, solutions and effective treatments"},"content":{"rendered":"<div class=\"row align-equal align-center\"  id=\"row-737214358\">\n\n\t<div id=\"col-1503128422\" class=\"col small-12 large-12\"  >\n\t\t\t\t<div class=\"col-inner\"  >\n\t\t\t\n\t\t\t\n<p data-pm-slice=\"1 1 &#091;&#093;\">Ai observat c\u0103 p\u0103rul t\u0103u cade mai mult dec\u00e2t de obicei? <strong>C\u0103derea p\u0103rului<\/strong> este o problem\u0103 frecvent\u0103 care afecteaz\u0103 at\u00e2t femeile, c\u00e2t \u0219i b\u0103rba\u021bii, dar \u0219i copiii, din diverse motive.<\/p>\n<p data-pm-slice=\"1 1 &#091;&#093;\">De la factori genetici p\u00e2n\u0103 la caren\u021be nutritive, stres sau afec\u021biuni medicale, pierderea excesiv\u0103 a firelor de p\u0103r poate fi un semnal de alarm\u0103 pentru organismul t\u0103u.<\/p>\n<p data-pm-slice=\"1 1 &#091;&#093;\">Afl\u0103 <strong>de ce cade p\u0103rul<\/strong> \u0219i ce po\u021bi face pentru a-l proteja!<\/p>\n<h3>Did you know that?<\/h3>\n<ul data-spread=\"false\">\n<li><strong>O persoan\u0103 pierde, \u00een medie, \u00eentre 50 \u0219i 100 de fire de p\u0103r pe zi<\/strong>? Aceasta este o pierdere normal\u0103, p\u0103rul regener\u00e2ndu-se constant.<\/li>\n<li><strong>80% dintre b\u0103rba\u021bi se confrunt\u0103 cu c\u0103derea p\u0103rului<\/strong> la un moment dat \u00een via\u021b\u0103.<\/li>\n<li><strong>P\u00e2n\u0103 la 40% dintre femei experimenteaz\u0103 sub\u021birea p\u0103rului<\/strong> p\u00e2n\u0103 la v\u00e2rsta de 50 de ani.<\/li>\n<li><strong>Deficien\u021bele de fier, zinc \u0219i vitamina D sunt asociate cu pierderea p\u0103rului<\/strong>.<\/li>\n<\/ul>\n<h2>De ce cade p\u0103rul?<\/h2>\n<p>Pierderea excesiv\u0103 a p\u0103rului poate avea mai multe cauze, iar identificarea factorului declan\u0219ator este esen\u021bial\u0103 pentru alegerea unui tratament eficient.<\/p>\n<p><a href=\"https:\/\/martinclinic.ro\/wp-content\/uploads\/2025\/02\/de-ce-imi-cade-parul-foarte-mult.jpg\"><img loading=\"lazy\" decoding=\"async\" class=\"wp-image-42514 aligncenter\" src=\"https:\/\/martinclinic.ro\/wp-content\/uploads\/2025\/02\/de-ce-imi-cade-parul-foarte-mult.jpg\" alt=\"De ce cade p\u0103rul?\" width=\"701\" height=\"467\" srcset=\"https:\/\/martinclinic.ro\/wp-content\/uploads\/2025\/02\/de-ce-imi-cade-parul-foarte-mult.jpg 1380w, https:\/\/martinclinic.ro\/wp-content\/uploads\/2025\/02\/de-ce-imi-cade-parul-foarte-mult-300x200.jpg 300w, https:\/\/martinclinic.ro\/wp-content\/uploads\/2025\/02\/de-ce-imi-cade-parul-foarte-mult-1024x683.jpg 1024w, https:\/\/martinclinic.ro\/wp-content\/uploads\/2025\/02\/de-ce-imi-cade-parul-foarte-mult-768x512.jpg 768w, https:\/\/martinclinic.ro\/wp-content\/uploads\/2025\/02\/de-ce-imi-cade-parul-foarte-mult-600x400.jpg 600w\" sizes=\"auto, (max-width: 701px) 100vw, 701px\" \/><\/a><\/p>\n<h3>Cauze comune ale c\u0103derii p\u0103rului<\/h3>\n<ul data-spread=\"false\">\n<li><strong>Factori genetici<\/strong> \u2013 alopecia ereditar\u0103 este cea mai frecvent\u0103 cauz\u0103.<\/li>\n<li><strong>Dezechilibre hormonale<\/strong> \u2013 modific\u0103rile hormonale din sarcin\u0103, menopauz\u0103 sau afec\u021biuni endocrine pot influen\u021ba cre\u0219terea p\u0103rului.<\/li>\n<li><strong>Deficien\u021be nutri\u021bionale<\/strong> \u2013 lipsa unor vitamine esen\u021biale duce la sl\u0103birea firului de p\u0103r.<\/li>\n<li><strong>Stresul cronic<\/strong> \u2013 favorizeaz\u0103 faza de c\u0103dere a p\u0103rului (telogen effluvium).<\/li>\n<li><strong>Afec\u021biuni ale scalpului<\/strong> \u2013 dermatita seboreic\u0103, psoriazisul sau infec\u021biile fungice pot cauza c\u0103derea p\u0103rului.<\/li>\n<li><strong>Utilizarea excesiv\u0103 a produselor de styling<\/strong> \u2013 vopsirea frecvent\u0103, \u00eendreptarea cu placa sau folosirea fixativelor agresive pot deteriora p\u0103rul.<\/li>\n<\/ul>\n<p>Conform unui studiu publicat \u00een <em>Journal of the American Academy of Dermatology<\/em>, alopecia androgenetic\u0103 afecteaz\u0103 aproximativ 80% dintre b\u0103rba\u021bi \u0219i 50% dintre femei de-a lungul vie\u021bii.<\/p>\n<h2>Ce vitamin\u0103 lipse\u0219te c\u00e2nd cade p\u0103rul?<\/h2>\n<p>Un p\u0103r s\u0103n\u0103tos are nevoie de nutrien\u021bi esen\u021biali. <strong>Caren\u021bele vitaminice pot duce la pierderea p\u0103rului.<\/strong> Iat\u0103 principalele vitamine necesare:<\/p>\n<ul data-spread=\"false\">\n<li><strong>Vitamina D<\/strong> \u2013 stimuleaz\u0103 cre\u0219terea p\u0103rului. Lipsa acesteia a fost corelat\u0103 cu alopecia.<\/li>\n<li><strong>Fierul<\/strong> \u2013 ajut\u0103 la oxigenarea scalpului. Deficien\u021ba de fier este o cauz\u0103 comun\u0103 a c\u0103derii p\u0103rului la femei.<\/li>\n<li><strong>Vitamina B7 (Biotina)<\/strong> \u2013 esen\u021bial\u0103 pentru producerea de keratin\u0103.<\/li>\n<li><strong>Zincul<\/strong> \u2013 contribuie la regenerarea celular\u0103 \u0219i men\u021bine foliculii de p\u0103r puternici.<\/li>\n<li><strong>Vitamin E<\/strong> \u2013 stimuleaz\u0103 circula\u021bia sangvin\u0103 la nivelul scalpului.<\/li>\n<\/ul>\n<p>Un studiu publicat \u00een <em>International Journal of Trichology<\/em> a ar\u0103tat c\u0103 67% dintre femeile cu c\u0103dere excesiv\u0103 a p\u0103rului aveau niveluri sc\u0103zute de fier.<\/p>\n<h2>Factori de risc<\/h2>\n<p>Anumi\u021bi factori pot cre\u0219te riscul de c\u0103dere a p\u0103rului:<\/p>\n<ul data-spread=\"false\">\n<li>Istoricul familial de alopecie<\/li>\n<li>V\u00e2rsta<\/li>\n<li>Dezechilibre hormonale<\/li>\n<li>Dieta s\u0103rac\u0103 \u00een nutrien\u021bi<\/li>\n<li>Fumatul<\/li>\n<li>Expunerea excesiv\u0103 la soare<\/li>\n<\/ul>\n<h2>Preven\u021bie: Cum po\u021bi combate c\u0103derea p\u0103rului?<\/h2>\n<ul data-spread=\"false\">\n<li><strong>Folose\u0219te un \u0219ampon potrivit<\/strong>. Recomand\u0103m <a href=\"https:\/\/martinclinic.ro\/en\/magazin-online\/pharma-hermetic-anti-hair-loss-shampoo-200-ml\/\"><strong>Pharma Hermetic Anti Hair Loss Shampoo, 200 ml<\/strong><\/a> \u2013 un \u0219ampon f\u0103r\u0103 sulfa\u021bi \u0219i parabeni, ce stimuleaz\u0103 cre\u0219terea p\u0103rului \u0219i previne pierderea firelor fragile.<\/li>\n<li><strong>Adopt\u0103 o diet\u0103 echilibrat\u0103<\/strong> bogat\u0103 \u00een proteine, fier, zinc \u0219i vitamine.<\/li>\n<li><strong>Evit\u0103 stresul<\/strong> \u0219i tehnicile agresive de coafat.<\/li>\n<li><strong>Maseaz\u0103 scalpul<\/strong> zilnic pentru a stimula circula\u021bia sangvin\u0103.<\/li>\n<li><strong>Evit\u0103 sp\u0103larea excesiv\u0103<\/strong> care poate usca \u0219i irita scalpul.<\/li>\n<\/ul>\n<p>Un studiu publicat \u00een <em>Dermatology and Therapy<\/em> a demonstrat c\u0103 masajul regulat al scalpului timp de 24 de s\u0103pt\u0103m\u00e2ni a dus la \u00eembun\u0103t\u0103\u021birea grosimii firului de p\u0103r.<\/p>\n\t\t<\/div>\n\t\t\t\t\t<\/div>\n\n\t\n\n\t<div id=\"col-1548914890\" class=\"col medium-4 small-12 large-4\"  >\n\t\t\t\t<div class=\"col-inner\"  >\n\t\t\t\n\t\t\t\n\t\n  \n    <div class=\"row large-columns-1 medium-columns- small-columns- row-small slider row-slider slider-nav-reveal slider-nav-push\"  data-flickity-options='{&quot;imagesLoaded&quot;: true, &quot;groupCells&quot;: &quot;100%&quot;, &quot;dragThreshold&quot; : 5, &quot;cellAlign&quot;: &quot;left&quot;,&quot;wrapAround&quot;: true,&quot;prevNextButtons&quot;: true,&quot;percentPosition&quot;: true,&quot;pageDots&quot;: false, &quot;rightToLeft&quot;: false, &quot;autoPlay&quot; : false}' >\n\n  <\/div>\n\t\t<\/div>\n\t\t\t\t\t<\/div>\n\n\t\n\n\t<div id=\"col-1083742571\" class=\"col small-12 large-12\"  >\n\t\t\t\t<div class=\"col-inner\"  >\n\t\t\t\n\t\t\t\n<h2>C\u00e2nd s\u0103 mergi la medic?<\/h2>\n<p>Dac\u0103 observi o c\u0103dere brusc\u0103 a p\u0103rului, apari\u021bia unor zone de chelie sau alte simptome neobi\u0219nuite, consult\u0103 un dermatolog sau un specialist. <strong>Uneori, c\u0103derea p\u0103rului poate indica probleme de s\u0103n\u0103tate mai serioase.<\/strong><\/p>\n<h2>Frequently Asked Questions<\/h2>\n<ol>\n<li>De ce cade p\u0103rul la femei?<br \/>\nCauzele includ schimb\u0103rile hormonale (menopauz\u0103, sarcin\u0103), stresul sau deficien\u021bele nutri\u021bionale.<\/li>\n<li>De ce cade p\u0103rul la b\u0103rba\u021bi?<br \/>\nC\u0103derea p\u0103rului la b\u0103rba\u021bi este adesea genetic\u0103 (alopecia androgenetic\u0103), dar poate fi influen\u021bat\u0103 \u0219i de factori externi.<\/li>\n<li>De ce cade p\u0103rul la copii?<br \/>\nPoate fi cauzat de alopecia areata, infec\u021bii fungice sau deficien\u021be nutri\u021bionale.<\/li>\n<li>Cel mai bun tratament \u00eempotriva c\u0103derii p\u0103rului la femei?<br \/>\nTratamentul depinde de cauz\u0103, dar folosirea unui <strong>\u0219ampon adecvat, o diet\u0103 echilibrat\u0103 \u0219i suplimentele nutritive<\/strong> sunt esen\u021biale.<\/li>\n<li>Dac\u0103 \u00eemi cade p\u0103rul, am cancer?<br \/>\nNu neap\u0103rat. C\u0103derea p\u0103rului poate fi determinat\u0103 de factori comuni. Totu\u0219i, dac\u0103 ai simptome persistente, consult\u0103 un medic.<\/li>\n<li>De ce \u00eemi cade p\u0103rul foarte mult?<br \/>\nPoate fi un semn de stres sever, deficien\u021be nutri\u021bionale, afec\u021biuni autoimune sau probleme hormonale. Consult\u0103 un specialist pentru un diagnostic corect.<\/li>\n<\/ol>\n<p><strong>Ai grij\u0103 de p\u0103rul t\u0103u! Alege produsele potrivite \u0219i urmeaz\u0103 sfaturile corecte pentru un p\u0103r s\u0103n\u0103tos \u0219i puternic!<\/strong><\/p>\n<h4>Sources and References<\/h4>\n<ul>\n<li><a href=\"https:\/\/www.mayoclinic.org\/diseases-conditions\/hair-loss\/symptoms-causes\/syc-20372926\" target=\"_blank\" rel=\"noopener\">Mayo Clinic &#8211; Hair loss<\/a><\/li>\n<li><a href=\"https:\/\/www.healthline.com\/nutrition\/how-diet-affects-hair-loss\" target=\"_blank\" rel=\"noopener\">Healthline &#8211; How Diet Affects Hair Loss<\/a><\/li>\n<li><a href=\"https:\/\/www.webmd.com\/skin-problems-and-treatments\/hair-loss\/understanding-hair-loss-prevention\" target=\"_blank\" rel=\"noopener\">WebMD &#8211; Understanding Hair Loss<\/a><\/li>\n<li><a href=\"https:\/\/www.healthline.com\/nutrition\/vitamin-deficiency\" target=\"_blank\" rel=\"noopener\">Healthline &#8211; 8 Common Signs You\u2019re Deficient in Vitamins and Minerals<\/a><\/li>\n<\/ul>\n\t\t<\/div>\n\t\t\t\t\t<\/div>\n\n\t\n<\/div>","protected":false},"excerpt":{"rendered":"","protected":false},"author":2,"featured_media":42513,"comment_status":"open","ping_status":"open","sticky":false,"template":"","format":"standard","meta":{"footnotes":""},"categories":[126],"tags":[],"class_list":["post-42512","post","type-post","status-publish","format-standard","has-post-thumbnail","hentry","category-blog"],"_links":{"self":[{"href":"https:\/\/martinclinic.ro\/en\/wp-json\/wp\/v2\/posts\/42512","targetHints":{"allow":["GET"]}}],"collection":[{"href":"https:\/\/martinclinic.ro\/en\/wp-json\/wp\/v2\/posts"}],"about":[{"href":"https:\/\/martinclinic.ro\/en\/wp-json\/wp\/v2\/types\/post"}],"author":[{"embeddable":true,"href":"https:\/\/martinclinic.ro\/en\/wp-json\/wp\/v2\/users\/2"}],"replies":[{"embeddable":true,"href":"https:\/\/martinclinic.ro\/en\/wp-json\/wp\/v2\/comments?post=42512"}],"version-history":[{"count":0,"href":"https:\/\/martinclinic.ro\/en\/wp-json\/wp\/v2\/posts\/42512\/revisions"}],"wp:featuredmedia":[{"embeddable":true,"href":"https:\/\/martinclinic.ro\/en\/wp-json\/wp\/v2\/media\/42513"}],"wp:attachment":[{"href":"https:\/\/martinclinic.ro\/en\/wp-json\/wp\/v2\/media?parent=42512"}],"wp:term":[{"taxonomy":"category","embeddable":true,"href":"https:\/\/martinclinic.ro\/en\/wp-json\/wp\/v2\/categories?post=42512"},{"taxonomy":"post_tag","embeddable":true,"href":"https:\/\/martinclinic.ro\/en\/wp-json\/wp\/v2\/tags?post=42512"}],"curies":[{"name":"wp","href":"https:\/\/api.w.org\/{rel}","templated":true}]}}