{"id":43948,"date":"2026-03-25T15:45:55","date_gmt":"2026-03-25T15:45:55","guid":{"rendered":"https:\/\/www.martinclinic.ro\/?p=43948"},"modified":"2025-03-27T17:11:28","modified_gmt":"2025-03-27T15:11:28","slug":"harta-fetei-cosuri-zona-tratament","status":"publish","type":"post","link":"https:\/\/martinclinic.ro\/en\/harta-fetei-cosuri-zona-tratament\/","title":{"rendered":"Harta fe\u021bei: Ce semnific\u0103 co\u0219urile pe fiecare zon\u0103 \u0219i cum le tratezi eficient"},"content":{"rendered":"<div class=\"row align-equal align-center\"  id=\"row-979870045\">\n\n\t<div id=\"col-228397729\" class=\"col small-12 large-12\"  >\n\t\t\t\t<div class=\"col-inner\"  >\n\t\t\t\n\t\t\t\n<p>\u021ai s-a \u00eent\u00e2mplat vreodat\u0103 s\u0103 te treze\u0219ti cu un co\u0219 exact <strong data-start=\"411\" data-end=\"445\">\u00een acela\u0219i loc de fiecare dat\u0103<\/strong>? Pe frunte, pe b\u0103rbie sau poate chiar pe obraji?<\/p>\n<p>Ei bine, <strong data-start=\"504\" data-end=\"536\">nu este o simpl\u0103 coinciden\u021b\u0103<\/strong>! \u00cen medicina tradi\u021bional\u0103 chinez\u0103, pozi\u021bionarea co\u0219urilor pe fa\u021b\u0103 este un indiciu al dezechilibrelor din organism.<\/p>\n<p>De aceea, vorbim ast\u0103zi despre <strong data-start=\"683\" data-end=\"700\">\u201eharta fe\u021bei\u201d<\/strong>, un ghid fascinant care te ajut\u0103 s\u0103 \u00een\u021belegi <strong data-start=\"746\" data-end=\"776\">ce \u00ee\u021bi transmite pielea ta<\/strong> \u0219i cum po\u021bi ac\u021biona eficient.<\/p>\n<h2 data-start=\"142\" data-end=\"201\">Ce sunt co\u0219urile \u0219i de ce apar fix c\u00e2nd nu trebuie?<\/h2>\n<p class=\"\" data-start=\"203\" data-end=\"371\">S\u0103 fim sinceri: <strong data-start=\"219\" data-end=\"260\">nimeni nu se bucur\u0103 c\u00e2nd apare un co\u0219<\/strong>, mai ales dac\u0103 urmeaz\u0103 o ie\u0219ire important\u0103, o \u0219edin\u021b\u0103 sau un eveniment. Dar <strong data-start=\"337\" data-end=\"369\">ce sunt co\u0219urile, mai exact?<\/strong><\/p>\n<p class=\"\" data-start=\"373\" data-end=\"611\">Ei bine, co\u0219urile apar atunci c\u00e2nd <strong data-start=\"408\" data-end=\"498\">porii pielii se \u00eenfund\u0103 cu sebum (uleiul natural al pielii), celule moarte \u0219i bacterii<\/strong>. Aceste blocaje duc la inflama\u021bie \u0219i la apari\u021bia de <strong data-start=\"551\" data-end=\"610\">puncte albe, puncte negre sau co\u0219uri ro\u0219ii \u0219i dureroase<\/strong>.<\/p>\n<p class=\"\" data-start=\"613\" data-end=\"796\"><strong data-start=\"616\" data-end=\"629\">Pe scurt:<\/strong> Co\u0219urile sunt <strong data-start=\"644\" data-end=\"670\">manifest\u0103ri ale acneei<\/strong>, o afec\u021biune dermatologic\u0103 comun\u0103, care nu \u021bine cont de v\u00e2rst\u0103. Le pot avea adolescen\u021bii, dar \u0219i adul\u021bii \u2013 femei sau b\u0103rba\u021bi.<\/p>\n<p class=\"\" data-start=\"798\" data-end=\"952\"><strong data-start=\"801\" data-end=\"814\">Did you know that?<\/strong> Around <strong data-start=\"827\" data-end=\"851\">9 din 10 adolescen\u021bi<\/strong> se confrunt\u0103 cu acnee, iar peste <strong data-start=\"885\" data-end=\"914\">50% dintre femeile adulte<\/strong> spun c\u0103 au avut co\u0219uri \u00een ultimul an.<\/p>\n<h3 class=\"\" data-start=\"1484\" data-end=\"1504\">Tipuri de co\u0219uri<\/h3>\n<ul data-start=\"1506\" data-end=\"1693\">\n<li class=\"\" data-start=\"1506\" data-end=\"1551\">\n<p class=\"\" data-start=\"1508\" data-end=\"1551\"><strong data-start=\"1508\" data-end=\"1521\">Comedoane<\/strong> (puncte albe \u0219i puncte negre)<\/p>\n<\/li>\n<li class=\"\" data-start=\"1552\" data-end=\"1590\">\n<p class=\"\" data-start=\"1554\" data-end=\"1590\"><strong data-start=\"1554\" data-end=\"1564\">Papule<\/strong> (co\u0219uri ro\u0219ii, inflamate)<\/p>\n<\/li>\n<li class=\"\" data-start=\"1591\" data-end=\"1615\">\n<p class=\"\" data-start=\"1593\" data-end=\"1615\"><strong data-start=\"1593\" data-end=\"1604\">Pustule<\/strong> (cu puroi)<\/p>\n<\/li>\n<li class=\"\" data-start=\"1616\" data-end=\"1657\">\n<p class=\"\" data-start=\"1618\" data-end=\"1657\"><strong data-start=\"1618\" data-end=\"1630\">Chisturi<\/strong> (\u00een profunzime, dureroase)<\/p>\n<\/li>\n<li class=\"\" data-start=\"1658\" data-end=\"1693\">\n<p class=\"\" data-start=\"1660\" data-end=\"1693\"><strong data-start=\"1660\" data-end=\"1670\">Noduli<\/strong> (forma grav\u0103 de acnee)<\/p>\n<\/li>\n<\/ul>\n<p><a href=\"https:\/\/martinclinic.ro\/wp-content\/uploads\/2025\/03\/acnee-fata.jpg\"><img loading=\"lazy\" decoding=\"async\" class=\"aligncenter wp-image-43949\" src=\"https:\/\/martinclinic.ro\/wp-content\/uploads\/2025\/03\/acnee-fata.jpg\" alt=\"Co\u0219uri pe fa\u021b\u0103? Descifreaz\u0103 harta fe\u021bei \u0219i g\u0103se\u0219te tratamentul potrivit\" width=\"606\" height=\"404\" srcset=\"https:\/\/martinclinic.ro\/wp-content\/uploads\/2025\/03\/acnee-fata.jpg 996w, https:\/\/martinclinic.ro\/wp-content\/uploads\/2025\/03\/acnee-fata-300x200.jpg 300w, https:\/\/martinclinic.ro\/wp-content\/uploads\/2025\/03\/acnee-fata-768x512.jpg 768w, https:\/\/martinclinic.ro\/wp-content\/uploads\/2025\/03\/acnee-fata-600x400.jpg 600w\" sizes=\"auto, (max-width: 606px) 100vw, 606px\" \/><\/a><\/p>\n<h2 data-start=\"161\" data-end=\"231\">Ce \u00eenseamn\u0103 harta fe\u021bei \u0219i de ce ar trebui s\u0103 o iei \u00een serios?<\/h2>\n<p class=\"\" data-start=\"233\" data-end=\"491\">Poate ai mai auzit termenul \u201e<strong data-start=\"262\" data-end=\"277\">harta fe\u021bei<\/strong>\u201d pe internet sau \u00een cabinetele de dermatologie, dar te-ai \u00eentrebat ce \u00eenseamn\u0103 cu adev\u0103rat? Ei bine, nu este un mit \u2013 <strong data-start=\"396\" data-end=\"490\">este o metod\u0103 fascinant\u0103 de a \u00een\u021belege ce \u00ee\u021bi transmite pielea ta despre s\u0103n\u0103tatea intern\u0103<\/strong>.<\/p>\n<p class=\"\" data-start=\"493\" data-end=\"755\">Pe scurt, <strong data-start=\"503\" data-end=\"587\">harta fe\u021bei asociaz\u0103 fiecare zon\u0103 a fe\u021bei cu un anumit organ sau sistem din corp<\/strong>. Astfel, atunci c\u00e2nd \u00ee\u021bi apare un co\u0219 \u00een acela\u0219i loc, din nou \u0219i din nou, e posibil ca organismul t\u0103u s\u0103 \u00eencerce s\u0103 \u00ee\u021bi atrag\u0103 aten\u021bia asupra unui dezechilibru intern.<\/p>\n<p data-start=\"493\" data-end=\"755\"><strong data-start=\"992\" data-end=\"1022\">Ce e important de re\u021binut:<\/strong> Harta fe\u021bei nu \u00eenlocuie\u0219te un consult medical, dar poate fi un <strong data-start=\"1086\" data-end=\"1176\">ghid util pentru a identifica cauzele co\u0219urilor \u0219i a ac\u021biona mai rapid \u0219i mai eficient<\/strong>.<\/p>\n<h2 data-start=\"219\" data-end=\"278\">Harta fe\u021bei: Ce \u00ee\u021bi spune fa\u021ba ta c\u00e2nd apar co\u0219uri?<\/h2>\n<p class=\"\" data-start=\"280\" data-end=\"601\">Da, ai citit bine! <strong data-start=\"299\" data-end=\"331\">Co\u0219urile nu apar \u00eent\u00e2mpl\u0103tor<\/strong>. Pozi\u021bia lor pe fa\u021b\u0103 poate transmite indicii pre\u021bioase despre ce se \u00eent\u00e2mpl\u0103 \u00een interiorul corpului t\u0103u.<\/p>\n<p class=\"\" data-start=\"280\" data-end=\"601\">Acest concept este cunoscut drept <strong data-start=\"471\" data-end=\"488\">\u201eharta fe\u021bei\u201d<\/strong> \u0219i este folosit de secole \u00een medicina tradi\u021bional\u0103 pentru a corela <strong data-start=\"556\" data-end=\"600\">afec\u021biunile interne cu problemele pielii<\/strong>.<\/p>\n<p class=\"\" data-start=\"603\" data-end=\"752\">Pe scurt: <strong data-start=\"613\" data-end=\"674\">pielea ta vorbe\u0219te \u2013 trebuie doar s\u0103 \u0219tii cum s-o ascul\u021bi<\/strong>.<\/p>\n<p data-start=\"603\" data-end=\"752\"><a href=\"https:\/\/martinclinic.ro\/wp-content\/uploads\/2025\/03\/acnee-tratament.jpg\"><img loading=\"lazy\" decoding=\"async\" class=\"aligncenter wp-image-43950\" src=\"https:\/\/martinclinic.ro\/wp-content\/uploads\/2025\/03\/acnee-tratament.jpg\" alt=\"Ai co\u0219uri pe fa\u021b\u0103? Iat\u0103 ce \u00ee\u021bi spune harta fe\u021bei \u0219i cum le tratezi corect\" width=\"600\" height=\"400\" srcset=\"https:\/\/martinclinic.ro\/wp-content\/uploads\/2025\/03\/acnee-tratament.jpg 996w, https:\/\/martinclinic.ro\/wp-content\/uploads\/2025\/03\/acnee-tratament-300x200.jpg 300w, https:\/\/martinclinic.ro\/wp-content\/uploads\/2025\/03\/acnee-tratament-768x512.jpg 768w, https:\/\/martinclinic.ro\/wp-content\/uploads\/2025\/03\/acnee-tratament-600x400.jpg 600w\" sizes=\"auto, (max-width: 600px) 100vw, 600px\" \/><\/a><\/p>\n<p class=\"\" data-start=\"603\" data-end=\"752\">Hai s\u0103 vedem ce \u00ee\u021bi spune fa\u021ba ta \u00een func\u021bie de locul \u00een care apar co\u0219urile:<\/p>\n<h3 class=\"\" data-start=\"759\" data-end=\"820\">1. Co\u0219uri pe frunte \u2013 Probleme cu stresul \u0219i digestia<\/h3>\n<p class=\"\" data-start=\"822\" data-end=\"908\">Dac\u0103 \u00ee\u021bi apar des co\u0219uri \u00een zona frun\u021bii, s-ar putea ca organismul t\u0103u s\u0103-\u021bi spun\u0103 c\u0103:<\/p>\n<ul data-start=\"909\" data-end=\"990\">\n<li class=\"\" data-start=\"909\" data-end=\"935\">\n<p class=\"\" data-start=\"911\" data-end=\"935\"><strong data-start=\"911\" data-end=\"935\">E\u0219ti prea stresat(\u0103)<\/strong><\/p>\n<\/li>\n<li class=\"\" data-start=\"936\" data-end=\"969\">\n<p class=\"\" data-start=\"938\" data-end=\"969\">Ai un <strong data-start=\"944\" data-end=\"969\">sistem digestiv lene\u0219<\/strong><\/p>\n<\/li>\n<li class=\"\" data-start=\"970\" data-end=\"990\">\n<p class=\"\" data-start=\"972\" data-end=\"990\">Nu dormi suficient<\/p>\n<\/li>\n<\/ul>\n<p class=\"\" data-start=\"992\" data-end=\"1120\">\ud83d\udca1 <em data-start=\"995\" data-end=\"1006\">Ce ajut\u0103:<\/em> Bea mai mult\u0103 ap\u0103, m\u0103n\u00e2nc\u0103 echilibrat, evit\u0103 alimentele procesate \u0219i \u00eencearc\u0103 s\u0103 dormi minimum 7-8 ore pe noapte.<\/p>\n<h3 class=\"\" data-start=\"1127\" data-end=\"1186\">2. Co\u0219uri pe nas \u2013 Colesterol sau tensiune ridicat\u0103<\/h3>\n<p class=\"\" data-start=\"1188\" data-end=\"1218\">Zona nasului este asociat\u0103 cu:<\/p>\n<ul data-start=\"1219\" data-end=\"1303\">\n<li class=\"\" data-start=\"1219\" data-end=\"1248\">\n<p class=\"\" data-start=\"1221\" data-end=\"1248\"><strong data-start=\"1221\" data-end=\"1248\">Sistemul cardiovascular<\/strong><\/p>\n<\/li>\n<li class=\"\" data-start=\"1249\" data-end=\"1274\">\n<p class=\"\" data-start=\"1251\" data-end=\"1274\"><strong data-start=\"1251\" data-end=\"1274\">Circula\u021bia s\u00e2ngelui<\/strong><\/p>\n<\/li>\n<li class=\"\" data-start=\"1275\" data-end=\"1303\">\n<p class=\"\" data-start=\"1277\" data-end=\"1303\"><strong data-start=\"1277\" data-end=\"1303\">Nivelul colesterolului<\/strong><\/p>\n<\/li>\n<\/ul>\n<p class=\"\" data-start=\"1305\" data-end=\"1420\">\ud83d\udca1 <em data-start=\"1308\" data-end=\"1319\">Ce ajut\u0103:<\/em> Redu consumul de gr\u0103simi saturate, introdu mai multe legume \u0219i fructe \u00een diet\u0103 \u0219i f\u0103 mi\u0219care zilnic.<\/p>\n<h3 class=\"\" data-start=\"1427\" data-end=\"1483\">3. Co\u0219uri pe obraji \u2013 Telefon, pern\u0103 sau\u2026 fumat?<\/h3>\n<p class=\"\" data-start=\"1485\" data-end=\"1559\">Dac\u0103 observi c\u0103 ai co\u0219uri mai ales pe obraji, ar fi bine s\u0103 iei \u00een calcul:<\/p>\n<ul data-start=\"1560\" data-end=\"1643\">\n<li class=\"\" data-start=\"1560\" data-end=\"1590\">\n<p class=\"\" data-start=\"1562\" data-end=\"1590\"><strong data-start=\"1562\" data-end=\"1590\">Igiena telefonului mobil<\/strong><\/p>\n<\/li>\n<li class=\"\" data-start=\"1591\" data-end=\"1629\">\n<p class=\"\" data-start=\"1593\" data-end=\"1629\"><strong data-start=\"1593\" data-end=\"1629\">Fa\u021ba de pern\u0103 nesp\u0103lat\u0103 frecvent<\/strong><\/p>\n<\/li>\n<li class=\"\" data-start=\"1630\" data-end=\"1643\">\n<p class=\"\" data-start=\"1632\" data-end=\"1643\"><strong data-start=\"1632\" data-end=\"1643\">Fumatul<\/strong><\/p>\n<\/li>\n<\/ul>\n<p class=\"\" data-start=\"1645\" data-end=\"1757\">\ud83d\udca1 <em data-start=\"1648\" data-end=\"1659\">Ce ajut\u0103:<\/em> Cur\u0103\u021b\u0103 zilnic telefonul, schimb\u0103 fa\u021ba de pern\u0103 la 2-3 zile \u0219i evit\u0103 fumatul (inclusiv cel pasiv).<\/p>\n<h3 class=\"\" data-start=\"1764\" data-end=\"1815\">4. Co\u0219uri pe b\u0103rbie \u2013 Hormonii sunt de vin\u0103<\/h3>\n<p class=\"\" data-start=\"1817\" data-end=\"1959\">Aceast\u0103 zon\u0103 este <strong data-start=\"1835\" data-end=\"1878\">str\u00e2ns legat\u0103 de dezechilibre hormonale<\/strong>, mai ales la femei (ciclul menstrual, sindromul ovarelor polichistice, sarcina).<\/p>\n<p class=\"\" data-start=\"1961\" data-end=\"2109\">\ud83d\udca1 <em data-start=\"1964\" data-end=\"1975\">Ce ajut\u0103:<\/em> Discut\u0103 cu medicul t\u0103u pentru analize hormonale. \u00centre timp, po\u021bi folosi produse anti-acnee care regleaz\u0103 sebumul \u0219i calmeaz\u0103 pielea.<\/p>\n<h3 class=\"\" data-start=\"2116\" data-end=\"2190\">5. Co\u0219uri pe linia maxilarului sau pe g\u00e2t \u2013 Intoleran\u021be \u0219i hormoni<\/h3>\n<p class=\"\" data-start=\"2192\" data-end=\"2246\">Co\u0219urile \u00een aceast\u0103 zon\u0103 sunt un semnal c\u0103 pot exista:<\/p>\n<ul data-start=\"2247\" data-end=\"2347\">\n<li class=\"\" data-start=\"2247\" data-end=\"2284\">\n<p class=\"\" data-start=\"2249\" data-end=\"2284\"><strong data-start=\"2249\" data-end=\"2284\">Tulbur\u0103ri hormonale persistente<\/strong><\/p>\n<\/li>\n<li class=\"\" data-start=\"2285\" data-end=\"2347\">\n<p class=\"\" data-start=\"2287\" data-end=\"2347\"><strong data-start=\"2287\" data-end=\"2313\">Intoleran\u021be alimentare<\/strong> (lactate, gluten, zah\u0103r procesat)<\/p>\n<\/li>\n<\/ul>\n<p class=\"\" data-start=\"2349\" data-end=\"2480\">\ud83d\udca1 <em data-start=\"2352\" data-end=\"2363\">Ce ajut\u0103:<\/em> \u021aine un jurnal alimentar \u0219i observ\u0103 ce alimente \u00ee\u021bi agraveaz\u0103 acneea. Consult\u0103 un medic dermatolog sau nutri\u021bionist.<\/p>\n<h2 class=\"\" data-start=\"2958\" data-end=\"2987\">Cum po\u021bi \u00eengriji co\u0219urile?<\/h2>\n<p class=\"\" data-start=\"2989\" data-end=\"3103\"><strong data-start=\"2989\" data-end=\"3035\">Rutina zilnic\u0103 de \u00eengrijire conteaz\u0103 enorm<\/strong>. Iar alegerea unor <strong data-start=\"3055\" data-end=\"3077\">produse anti-acnee<\/strong> potrivite este esen\u021bial\u0103.<\/p>\n<p data-start=\"2989\" data-end=\"3103\"><a href=\"https:\/\/martinclinic.ro\/wp-content\/uploads\/2025\/03\/cosuri-tratament.jpg\"><img loading=\"lazy\" decoding=\"async\" class=\"aligncenter wp-image-43951\" src=\"https:\/\/martinclinic.ro\/wp-content\/uploads\/2025\/03\/cosuri-tratament.jpg\" alt=\"Co\u0219uri pe fa\u021b\u0103 \u00een func\u021bie de zon\u0103: Cauze, semnifica\u021bii \u0219i tratamente eficiente\" width=\"608\" height=\"405\" srcset=\"https:\/\/martinclinic.ro\/wp-content\/uploads\/2025\/03\/cosuri-tratament.jpg 996w, https:\/\/martinclinic.ro\/wp-content\/uploads\/2025\/03\/cosuri-tratament-300x200.jpg 300w, https:\/\/martinclinic.ro\/wp-content\/uploads\/2025\/03\/cosuri-tratament-768x512.jpg 768w, https:\/\/martinclinic.ro\/wp-content\/uploads\/2025\/03\/cosuri-tratament-600x400.jpg 600w\" sizes=\"auto, (max-width: 608px) 100vw, 608px\" \/><\/a><\/p>\n<h2 data-start=\"3171\" data-end=\"3192\">Cele mai recomandate:<\/h2>\n<h3 class=\"\" data-start=\"183\" data-end=\"269\">Sebum Control \u2013 Ser facial cu acid salicilic pentru un ten curat \u0219i echilibrat<\/h3>\n<p class=\"\" data-start=\"271\" data-end=\"534\">Dac\u0103 te lup\u021bi cu <strong data-start=\"288\" data-end=\"306\">co\u0219uri pe fa\u021b\u0103<\/strong> \u0219i ten gras, acest <a href=\"https:\/\/martinclinic.ro\/en\/magazin-online\/sebum-control-ser-facial\/\" target=\"_blank\" rel=\"noopener\"><strong>ser pentru acnee<\/strong><\/a> e aliatul t\u0103u de \u00eencredere.<\/p>\n<p class=\"\" data-start=\"271\" data-end=\"534\"><strong data-start=\"358\" data-end=\"375\">Sebum Control<\/strong>, din gama de <a href=\"https:\/\/martinclinic.ro\/en\/product\/acne\/\" target=\"_blank\" rel=\"noopener\"><strong data-start=\"389\" data-end=\"428\">produse anti-acnee<\/strong><\/a>, este special formulat pentru a combate imperfec\u021biunile, a cur\u0103\u021ba porii \u0219i a echilibra secre\u021bia de sebum.<\/p>\n<h4 class=\"\" data-start=\"536\" data-end=\"584\">\u2705 <strong data-start=\"543\" data-end=\"584\">Ingrediente active care fac diferen\u021ba<\/strong><\/h4>\n<ul data-start=\"586\" data-end=\"1172\">\n<li class=\"\" data-start=\"586\" data-end=\"751\">\n<p class=\"\" data-start=\"588\" data-end=\"751\"><strong data-start=\"588\" data-end=\"606\">Acid salicilic<\/strong> \u2013 are <strong data-start=\"613\" data-end=\"639\">propriet\u0103\u021bi exfoliante<\/strong> puternice: <strong data-start=\"651\" data-end=\"681\">cur\u0103\u021b\u0103 porii \u00een profunzime<\/strong>, reduce inflama\u021biile \u0219i lupt\u0103 eficient \u00eempotriva <strong data-start=\"731\" data-end=\"750\">blackheads<\/strong>.<\/p>\n<\/li>\n<li class=\"\" data-start=\"752\" data-end=\"923\">\n<p class=\"\" data-start=\"754\" data-end=\"923\"><strong data-start=\"754\" data-end=\"769\">Niacinamid\u0103<\/strong> \u2013 un ingredient multifunc\u021bional care <strong data-start=\"807\" data-end=\"839\">estompeaz\u0103 petele pigmentare<\/strong>, <strong data-start=\"841\" data-end=\"869\">\u00eembun\u0103t\u0103\u021be\u0219te hidratarea<\/strong> \u0219i ajut\u0103 la refacerea <strong data-start=\"892\" data-end=\"922\">barierei naturale a pielii<\/strong>.<\/p>\n<\/li>\n<li class=\"\" data-start=\"924\" data-end=\"1061\">\n<p class=\"\" data-start=\"926\" data-end=\"1061\"><strong data-start=\"926\" data-end=\"937\">Ectoina<\/strong> \u2013 perfect\u0103 pentru pielea sensibil\u0103, are un rol esen\u021bial \u00een <strong data-start=\"997\" data-end=\"1030\">calmarea \u0219i protejarea pielii<\/strong> \u00eempotriva agresorilor externi.<\/p>\n<\/li>\n<li class=\"\" data-start=\"1062\" data-end=\"1172\">\n<p class=\"\" data-start=\"1064\" data-end=\"1172\"><strong data-start=\"1064\" data-end=\"1084\">Gluconat de zinc<\/strong> \u2013 ajut\u0103 la <strong data-start=\"1096\" data-end=\"1127\">reglarea secre\u021biei de sebum<\/strong>, reduc\u00e2nd astfel riscul apari\u021biei co\u0219urilor.<\/p>\n<\/li>\n<\/ul>\n<h4 class=\"\" data-start=\"1174\" data-end=\"1205\">\u2705 <strong data-start=\"1181\" data-end=\"1205\">Cum se aplic\u0103 corect<\/strong><\/h4>\n<ul data-start=\"1207\" data-end=\"1435\">\n<li class=\"\" data-start=\"1207\" data-end=\"1273\">\n<p class=\"\" data-start=\"1209\" data-end=\"1273\">Folose\u0219te-l <strong data-start=\"1221\" data-end=\"1243\">diminea\u021ba \u0219i seara<\/strong>, pe <strong data-start=\"1248\" data-end=\"1272\">tenul curat \u0219i uscat<\/strong>.<\/p>\n<\/li>\n<li class=\"\" data-start=\"1274\" data-end=\"1344\">\n<p class=\"\" data-start=\"1276\" data-end=\"1344\">Aplic\u0103 <strong data-start=\"1283\" data-end=\"1305\">p\u00e2n\u0103 la 5 pic\u0103turi<\/strong>, distribuite uniform pe \u00eentreaga fa\u021b\u0103.<\/p>\n<\/li>\n<li class=\"\" data-start=\"1345\" data-end=\"1435\">\n<p class=\"\" data-start=\"1347\" data-end=\"1435\">Evit\u0103 contactul cu ochii \u0219i nu combina \u00een aceea\u0219i rutin\u0103 cu produse exfoliante agresive.<\/p>\n<\/li>\n<\/ul>\n<h4 class=\"\" data-start=\"1437\" data-end=\"1473\">\u2705 <strong data-start=\"1444\" data-end=\"1473\">Ce rezultate po\u021bi a\u0219tepta<\/strong><\/h4>\n<ul data-start=\"1475\" data-end=\"1643\">\n<li class=\"\" data-start=\"1475\" data-end=\"1543\">\n<p class=\"\" data-start=\"1477\" data-end=\"1543\"><strong data-start=\"1477\" data-end=\"1507\">Ten mai curat \u0219i mai neted<\/strong>, vizibil \u00eenc\u0103 din primele s\u0103pt\u0103m\u00e2ni<\/p>\n<\/li>\n<li class=\"\" data-start=\"1544\" data-end=\"1591\">\n<p class=\"\" data-start=\"1546\" data-end=\"1591\"><strong data-start=\"1546\" data-end=\"1591\">Porii cur\u0103\u021ba\u021bi \u0219i mai pu\u021bine puncte negre<\/strong><\/p>\n<\/li>\n<li class=\"\" data-start=\"1592\" data-end=\"1643\">\n<p class=\"\" data-start=\"1594\" data-end=\"1643\"><strong data-start=\"1594\" data-end=\"1621\">Sebum \u021binut sub control<\/strong>, f\u0103r\u0103 s\u0103 usuce pielea<\/p>\n<\/li>\n<\/ul>\n<p class=\"\" data-start=\"1645\" data-end=\"1729\">Produs testat dermatologic, <strong data-start=\"1676\" data-end=\"1691\">f\u0103r\u0103 alcool<\/strong>, potrivit \u0219i pentru pielea sensibil\u0103.<\/p>\n\t\t<\/div>\n\t\t\t\t\t<\/div>\n\n\t\n\n\t<div id=\"col-663053370\" class=\"col medium-4 small-12 large-4\"  >\n\t\t\t\t<div class=\"col-inner\"  >\n\t\t\t\n\t\t\t\n\t\n  \n    <div class=\"row large-columns-1 medium-columns- small-columns- row-small slider row-slider slider-nav-reveal slider-nav-push\"  data-flickity-options='{&quot;imagesLoaded&quot;: true, &quot;groupCells&quot;: &quot;100%&quot;, &quot;dragThreshold&quot; : 5, &quot;cellAlign&quot;: &quot;left&quot;,&quot;wrapAround&quot;: true,&quot;prevNextButtons&quot;: true,&quot;percentPosition&quot;: true,&quot;pageDots&quot;: false, &quot;rightToLeft&quot;: false, &quot;autoPlay&quot; : false}' >\n\n  <\/div>\n\t\t<\/div>\n\t\t\t\t\t<\/div>\n\n\t\n\n\t<div id=\"col-1962322256\" class=\"col small-12 large-12\"  >\n\t\t\t\t<div class=\"col-inner\"  >\n\t\t\t\n\t\t\t\n<h3 class=\"\" data-start=\"154\" data-end=\"245\">Pore Control \u2013 Masc\u0103 facial\u0103 care purific\u0103, hidrateaz\u0103 \u0219i red\u0103 luminozitatea pielii<\/h3>\n<p class=\"\" data-start=\"247\" data-end=\"509\">Sim\u021bi c\u0103 tenul t\u0103u are nevoie de un restart? <strong data-start=\"292\" data-end=\"308\">Pore Control<\/strong>, una dintre cele mai apreciate <strong data-start=\"340\" data-end=\"379\">produse anti-acnee<\/strong>, este exact ce ai nevoie pentru o <strong data-start=\"414\" data-end=\"435\">cur\u0103\u021bare profund\u0103<\/strong>, o <strong data-start=\"439\" data-end=\"460\">hidratare intens\u0103<\/strong> \u0219i o piele mai luminoas\u0103, \u00een doar c\u00e2teva minute.<\/p>\n<p class=\"\" data-start=\"511\" data-end=\"726\">Aceast\u0103 <a href=\"https:\/\/martinclinic.ro\/en\/magazin-online\/pore-control-mask-face\/\" target=\"_blank\" rel=\"noopener\"><strong>masc\u0103 de fa\u021b\u0103 pentru co\u0219uri<\/strong><\/a> a fost creat\u0103 special pentru tenul mixt sau gras, dar este <strong data-start=\"584\" data-end=\"621\">bl\u00e2nd\u0103 cu toate tipurile de piele<\/strong>, inclusiv cea sensibil\u0103. F\u0103r\u0103 alcool, f\u0103r\u0103 irita\u021bii, doar <strong data-start=\"680\" data-end=\"725\">rezultate vizibile \u0219i un ten care respir\u0103<\/strong>.<\/p>\n<h4 class=\"\" data-start=\"728\" data-end=\"758\">\u2705 <strong data-start=\"735\" data-end=\"758\">Beneficii esen\u021biale<\/strong><\/h4>\n<ul data-start=\"760\" data-end=\"1179\">\n<li class=\"\" data-start=\"760\" data-end=\"841\">\n<p class=\"\" data-start=\"762\" data-end=\"841\"><strong data-start=\"762\" data-end=\"784\">Hidratare profund\u0103<\/strong> \u2013 pielea ta va sim\u021bi efectul \u00eenc\u0103 de la prima aplicare<\/p>\n<\/li>\n<li class=\"\" data-start=\"842\" data-end=\"941\">\n<p class=\"\" data-start=\"844\" data-end=\"941\"><strong data-start=\"844\" data-end=\"868\">Echilibrarea pH-ului<\/strong> \u2013 pentru un ten care nu se mai confrunt\u0103 cu exces de sebum sau usc\u0103ciune<\/p>\n<\/li>\n<li class=\"\" data-start=\"942\" data-end=\"1012\">\n<p class=\"\" data-start=\"944\" data-end=\"1012\"><strong data-start=\"944\" data-end=\"969\">Luminozitate natural\u0103<\/strong> \u2013 tenul cap\u0103t\u0103 un aspect proasp\u0103t, s\u0103n\u0103tos<\/p>\n<\/li>\n<li class=\"\" data-start=\"1013\" data-end=\"1097\">\n<p class=\"\" data-start=\"1015\" data-end=\"1097\"><strong data-start=\"1015\" data-end=\"1041\">Protec\u021bie antioxidant\u0103<\/strong> \u2013 \u00eempotriva radicalilor liberi \u0219i a factorilor de mediu<\/p>\n<\/li>\n<li class=\"\" data-start=\"1098\" data-end=\"1179\">\n<p class=\"\" data-start=\"1100\" data-end=\"1179\"><strong data-start=\"1100\" data-end=\"1124\">Textur\u0103 \u00eembun\u0103t\u0103\u021bit\u0103<\/strong> \u2013 pielea devine mai fin\u0103, mai uniform\u0103, mai catifelat\u0103<\/p>\n<\/li>\n<\/ul>\n<h4 class=\"\" data-start=\"1181\" data-end=\"1215\">\u2705 <strong data-start=\"1188\" data-end=\"1215\">Cum se folose\u0219te corect<\/strong><\/h4>\n<ul data-start=\"1217\" data-end=\"1510\">\n<li class=\"\" data-start=\"1217\" data-end=\"1298\">\n<p class=\"\" data-start=\"1219\" data-end=\"1298\">Aplic\u0103 masca <strong data-start=\"1232\" data-end=\"1259\">de 2-3 ori pe s\u0103pt\u0103m\u00e2n\u0103<\/strong>, pe <strong data-start=\"1264\" data-end=\"1296\">tenul curat \u0219i complet uscat<\/strong><\/p>\n<\/li>\n<li class=\"\" data-start=\"1299\" data-end=\"1338\">\n<p class=\"\" data-start=\"1301\" data-end=\"1338\">Las-o s\u0103 ac\u021bioneze <strong data-start=\"1320\" data-end=\"1336\">10-15 minute<\/strong><\/p>\n<\/li>\n<li class=\"\" data-start=\"1339\" data-end=\"1388\">\n<p class=\"\" data-start=\"1341\" data-end=\"1388\">Cl\u0103te\u0219te cu ap\u0103 c\u0103ldu\u021b\u0103, evit\u00e2nd zona ochilor<\/p>\n<\/li>\n<li class=\"\" data-start=\"1389\" data-end=\"1510\">\n<p class=\"\" data-start=\"1391\" data-end=\"1510\">Pentru aplicare po\u021bi folosi <strong data-start=\"1419\" data-end=\"1448\">spatula de sticl\u0103 inclus\u0103<\/strong> \u00een pachet \u2013 <em data-start=\"1461\" data-end=\"1510\">nu uita s\u0103 o cure\u021bi bine dup\u0103 fiecare utilizare<\/em><\/p>\n<\/li>\n<\/ul>\n<p class=\"\" data-start=\"1512\" data-end=\"1600\"><strong data-start=\"1515\" data-end=\"1543\">Formula este f\u0103r\u0103 alcool<\/strong>, deci potrivit\u0103 \u0219i pentru pielea sensibil\u0103 sau reactiv\u0103.<\/p>\n\t\t<\/div>\n\t\t\t\t\t<\/div>\n\n\t\n\n\t<div id=\"col-345041652\" class=\"col medium-4 small-12 large-4\"  >\n\t\t\t\t<div class=\"col-inner\"  >\n\t\t\t\n\t\t\t\n\t\n  \n    <div class=\"row large-columns-1 medium-columns- small-columns- row-small slider row-slider slider-nav-reveal slider-nav-push\"  data-flickity-options='{&quot;imagesLoaded&quot;: true, &quot;groupCells&quot;: &quot;100%&quot;, &quot;dragThreshold&quot; : 5, &quot;cellAlign&quot;: &quot;left&quot;,&quot;wrapAround&quot;: true,&quot;prevNextButtons&quot;: true,&quot;percentPosition&quot;: true,&quot;pageDots&quot;: false, &quot;rightToLeft&quot;: false, &quot;autoPlay&quot; : false}' >\n\n  <\/div>\n\t\t<\/div>\n\t\t\t\t\t<\/div>\n\n\t\n\n\t<div id=\"col-974608066\" class=\"col small-12 large-12\"  >\n\t\t\t\t<div class=\"col-inner\"  >\n\t\t\t\n\t\t\t\n<h2 class=\"\" data-start=\"4249\" data-end=\"4271\">Frequently Asked Questions<\/h2>\n<ol>\n<li>Co\u0219urile pot fi semnul unei afec\u021biuni mai serioase?<br \/>\nDa, \u00een unele cazuri, pot semnala dezechilibre hormonale sau probleme digestive.<\/li>\n<li>Pot folosi produse anti-acnee dac\u0103 am tenul sensibil?<br \/>\n<strong data-start=\"4472\" data-end=\"4478\">Da<\/strong>, at\u00e2t <strong data-start=\"4485\" data-end=\"4502\">Sebum Control<\/strong>, c\u00e2t \u0219i <strong data-start=\"4511\" data-end=\"4527\">Pore Control<\/strong> sunt formulate pentru a fi <strong data-start=\"4555\" data-end=\"4579\">eficiente dar bl\u00e2nde<\/strong>, f\u0103r\u0103 alcool \u0219i cu ingrediente calmante.<\/li>\n<li>C\u00e2t dureaz\u0103 p\u00e2n\u0103 v\u0103d rezultate?<br \/>\n\u00cen general, <strong data-start=\"4670\" data-end=\"4718\">primele \u00eembun\u0103t\u0103\u021biri apar dup\u0103 2-4 s\u0103pt\u0103m\u00e2ni<\/strong>, \u00eens\u0103 pentru rezultate stabile, este nevoie de <strong data-start=\"4766\" data-end=\"4781\">consisten\u021b\u0103<\/strong> \u00een \u00eengrijire.<\/li>\n<\/ol>\n<p class=\"\" data-start=\"4819\" data-end=\"5022\"><strong data-start=\"4819\" data-end=\"4872\">Co\u0219urile pe fa\u021b\u0103 nu sunt doar o problem\u0103 estetic\u0103<\/strong>, ci pot fi semne clare ale unor dezechilibre interne.<\/p>\n<p class=\"\" data-start=\"4819\" data-end=\"5022\"><strong data-start=\"4927\" data-end=\"4944\">\u201eHarta fe\u021bei\u201d<\/strong> ne ofer\u0103 indicii valoroase pentru a \u00een\u021belege ce se \u00eent\u00e2mpl\u0103 \u00een corpul nostru.<\/p>\n<p class=\"\" data-start=\"5024\" data-end=\"5274\">Cu ajutorul <strong data-start=\"5036\" data-end=\"5078\">produselor anti-acnee<\/strong>, formulate \u0219tiin\u021bific \u0219i testate dermatologic, ai la dispozi\u021bie o solu\u021bie sigur\u0103 \u0219i eficient\u0103 pentru un ten curat, luminos \u0219i s\u0103n\u0103tos.<\/p>\n<h3 class=\"fusion-responsive-typography-calculated\" data-fontsize=\"32\" data-lineheight=\"40.32px\">Sources and References<\/h3>\n<ul>\n<li data-start=\"251\" data-end=\"420\"><a href=\"https:\/\/health.clevelandclinic.org\/acne-face-map\" target=\"_blank\" rel=\"noopener\"><strong data-start=\"251\" data-end=\"298\">Acne Face Map: The Cause of These Breakouts<\/strong>\u00a0\u2013<span class=\"relative -mx-px my-&#091;-0.2rem&#093; rounded px-px py-&#091;0.2rem&#093; bg-&#091;#FCECC1&#093; dark:bg-&#091;#64572A&#093;\">\u00a0Cleveland Clinic<\/span><\/a><\/li>\n<li data-start=\"425\" data-end=\"581\"><a href=\"https:\/\/www.mayoclinic.org\/diseases-conditions\/acne\/diagnosis-treatment\/drc-20368048\" target=\"_blank\" rel=\"noopener\"><strong data-start=\"425\" data-end=\"459\">Acne \u2013 Diagnosis and treatment<\/strong>\u00a0\u2013<span class=\"relative -mx-px my-&#091;-0.2rem&#093; rounded px-px py-&#091;0.2rem&#093;\">\u00a0Mayo Clinic<\/span><\/a><\/li>\n<li data-start=\"586\" data-end=\"746\"><a href=\"https:\/\/www.medicalnewstoday.com\/articles\/325971\" target=\"_blank\" rel=\"noopener\"><strong data-start=\"586\" data-end=\"624\">Acne face map: Causes of breakouts<\/strong>\u00a0\u2013\u00a0<span class=\"relative -mx-px my-&#091;-0.2rem&#093; rounded px-px py-&#091;0.2rem&#093;\">Medical News Today\u00a0<\/span><\/a><\/li>\n<li data-start=\"751\" data-end=\"897\"><a href=\"https:\/\/www.nhs.uk\/conditions\/acne\/treatment\/\" target=\"_blank\" rel=\"noopener\"><strong data-start=\"751\" data-end=\"771\">Acne \u2013 Treatment<\/strong>\u00a0\u2013\u00a0<span class=\"relative -mx-px my-&#091;-0.2rem&#093; rounded px-px py-&#091;0.2rem&#093;\">Serviciul Na\u021bional de S\u0103n\u0103tate din Marea Britanie (NHS)\u00a0<\/span><\/a><\/li>\n<\/ul>\n\t\t<\/div>\n\t\t\t\t\t<\/div>\n\n\t\n<\/div>","protected":false},"excerpt":{"rendered":"","protected":false},"author":2,"featured_media":43952,"comment_status":"open","ping_status":"open","sticky":false,"template":"","format":"standard","meta":{"footnotes":""},"categories":[126],"tags":[],"class_list":["post-43948","post","type-post","status-publish","format-standard","has-post-thumbnail","hentry","category-blog"],"_links":{"self":[{"href":"https:\/\/martinclinic.ro\/en\/wp-json\/wp\/v2\/posts\/43948","targetHints":{"allow":["GET"]}}],"collection":[{"href":"https:\/\/martinclinic.ro\/en\/wp-json\/wp\/v2\/posts"}],"about":[{"href":"https:\/\/martinclinic.ro\/en\/wp-json\/wp\/v2\/types\/post"}],"author":[{"embeddable":true,"href":"https:\/\/martinclinic.ro\/en\/wp-json\/wp\/v2\/users\/2"}],"replies":[{"embeddable":true,"href":"https:\/\/martinclinic.ro\/en\/wp-json\/wp\/v2\/comments?post=43948"}],"version-history":[{"count":0,"href":"https:\/\/martinclinic.ro\/en\/wp-json\/wp\/v2\/posts\/43948\/revisions"}],"wp:featuredmedia":[{"embeddable":true,"href":"https:\/\/martinclinic.ro\/en\/wp-json\/wp\/v2\/media\/43952"}],"wp:attachment":[{"href":"https:\/\/martinclinic.ro\/en\/wp-json\/wp\/v2\/media?parent=43948"}],"wp:term":[{"taxonomy":"category","embeddable":true,"href":"https:\/\/martinclinic.ro\/en\/wp-json\/wp\/v2\/categories?post=43948"},{"taxonomy":"post_tag","embeddable":true,"href":"https:\/\/martinclinic.ro\/en\/wp-json\/wp\/v2\/tags?post=43948"}],"curies":[{"name":"wp","href":"https:\/\/api.w.org\/{rel}","templated":true}]}}