{"id":44200,"date":"2026-03-25T15:45:42","date_gmt":"2026-03-25T15:45:42","guid":{"rendered":"https:\/\/www.martinclinic.ro\/?p=44200"},"modified":"2025-04-02T18:52:03","modified_gmt":"2025-04-02T15:52:03","slug":"laptele-provoaca-acnee","status":"publish","type":"post","link":"https:\/\/martinclinic.ro\/en\/laptele-provoaca-acnee\/","title":{"rendered":"Laptele \u00ee\u021bi provoac\u0103 acnee? Afl\u0103 ce spun speciali\u0219tii"},"content":{"rendered":"<div class=\"row align-equal align-center\"  id=\"row-64088595\">\n\n\t<div id=\"col-2010751051\" class=\"col small-12 large-12\"  >\n\t\t\t\t<div class=\"col-inner\"  >\n\t\t\t\n\t\t\t\n<p class=\"\" data-start=\"307\" data-end=\"666\"><strong data-start=\"307\" data-end=\"376\">Ai observat c\u0103 tenul t\u0103u se \u00eenr\u0103ut\u0103\u021be\u0219te dup\u0103 ce consumi lactate?<\/strong> Nu e\u0219ti singura. Tot mai multe persoane se \u00eentreab\u0103 dac\u0103 <strong data-start=\"434\" data-end=\"460\">laptele provoac\u0103 acnee<\/strong> \u0219i dac\u0103 nu cumva unele obiceiuri alimentare aparent inofensive afecteaz\u0103 s\u0103n\u0103tatea pielii.<\/p>\n<p class=\"\" data-start=\"307\" data-end=\"666\"><strong data-start=\"554\" data-end=\"666\">\u00cen acest articol, vom analiza ce spun studiile, ce efect are laptele asupra pielii \u0219i ce alternative exist\u0103.<\/strong><\/p>\n<p class=\"\" data-start=\"668\" data-end=\"966\"><strong data-start=\"668\" data-end=\"702\">Alimentele care provoac\u0103 acnee<\/strong> sunt subiect de interes pentru oricine se confrunt\u0103 cu imperfec\u021biuni, iar laptele se afl\u0103 adesea \u00een centrul discu\u021biei.<\/p>\n<h2 class=\"\" data-start=\"973\" data-end=\"1050\">Laptele \u0219i inflama\u021bia din corp \u2013 o combina\u021bie care nu face bine tenului<\/h2>\n<p class=\"\" data-start=\"1052\" data-end=\"1303\"><strong data-start=\"1052\" data-end=\"1107\">Inflama\u021bia este un factor-cheie \u00een apari\u021bia acneei.<\/strong><\/p>\n<p class=\"\" data-start=\"1052\" data-end=\"1303\">Studiile arat\u0103 c\u0103 anumite proteine \u0219i hormoni prezen\u021bi \u00een lapte pot stimula <strong data-start=\"1186\" data-end=\"1208\">produc\u021bia de sebum<\/strong>, \u00een special <strong data-start=\"1221\" data-end=\"1261\">IGF-1 (insulin-like growth factor 1)<\/strong>, care este asociat cu formarea co\u0219urilor.<\/p>\n<p class=\"\" data-start=\"1307\" data-end=\"1516\">Un studiu publicat \u00een <em data-start=\"1332\" data-end=\"1380\">Journal of the American Academy of Dermatology<\/em> a ar\u0103tat c\u0103 adolescen\u021bii care consum\u0103 lapte degresat au un <strong data-start=\"1440\" data-end=\"1473\">risc cu 44% mai mare de acnee<\/strong> comparativ cu cei care nu consum\u0103 lactate.<\/p>\n<p class=\"\" data-start=\"1518\" data-end=\"1709\"><strong data-start=\"1518\" data-end=\"1564\">Laptele stimuleaz\u0103 \u0219i r\u0103spunsul inflamator<\/strong>, ceea ce agraveaz\u0103 nu doar acneea, ci \u0219i alte afec\u021biuni dermatologice. A\u0219adar, <strong data-start=\"1644\" data-end=\"1709\">leg\u0103tura dintre lactate \u0219i acnee nu este un simplu mit urban.<\/strong><\/p>\n<h2 class=\"\" data-start=\"1716\" data-end=\"1731\">\u0218tiai c\u0103&#8230;?<\/h2>\n<ul>\n<li data-start=\"1735\" data-end=\"1851\"><strong data-start=\"1735\" data-end=\"1767\">Peste 80% dintre adolescen\u021bi<\/strong> sufer\u0103 de acnee la un moment dat, iar factorii alimentari joac\u0103 un rol important.<\/li>\n<li data-start=\"1854\" data-end=\"1930\"><strong data-start=\"1854\" data-end=\"1895\">Laptele degresat este mai problematic<\/strong> dec\u00e2t cel integral pentru piele.<\/li>\n<li data-start=\"1933\" data-end=\"2058\">\u00cen multe cazuri, <strong data-start=\"1950\" data-end=\"1975\">eliminarea lactatelor<\/strong> din diet\u0103 pentru 30 de zile duce la o \u00eembun\u0103t\u0103\u021bire vizibil\u0103 a aspectului pielii.<\/li>\n<\/ul>\n<h2 class=\"\" data-start=\"1640\" data-end=\"1707\">De ce apare acnee dup\u0103 ce bem lapte? Iat\u0103 explica\u021bia \u0219tiin\u021bific\u0103<\/h2>\n<p><a href=\"https:\/\/martinclinic.ro\/wp-content\/uploads\/2025\/04\/Lactatele-provoaca-acnee-.jpg\"><img loading=\"lazy\" decoding=\"async\" class=\"aligncenter wp-image-44205\" src=\"https:\/\/martinclinic.ro\/wp-content\/uploads\/2025\/04\/Lactatele-provoaca-acnee-.jpg\" alt=\"De ce apare acnee dup\u0103 ce bem lapte?\" width=\"600\" height=\"400\" srcset=\"https:\/\/martinclinic.ro\/wp-content\/uploads\/2025\/04\/Lactatele-provoaca-acnee-.jpg 996w, https:\/\/martinclinic.ro\/wp-content\/uploads\/2025\/04\/Lactatele-provoaca-acnee--300x200.jpg 300w, https:\/\/martinclinic.ro\/wp-content\/uploads\/2025\/04\/Lactatele-provoaca-acnee--768x512.jpg 768w, https:\/\/martinclinic.ro\/wp-content\/uploads\/2025\/04\/Lactatele-provoaca-acnee--600x400.jpg 600w\" sizes=\"auto, (max-width: 600px) 100vw, 600px\" \/><\/a><\/p>\n<h3 class=\"\" data-start=\"1709\" data-end=\"1760\">Cum contribuie lactatele la apari\u021bia co\u0219urilor:<\/h3>\n<ul>\n<li data-start=\"1764\" data-end=\"1837\"><strong data-start=\"1764\" data-end=\"1808\">Hormonii de cre\u0219tere din laptele de vac\u0103<\/strong> stimuleaz\u0103 glandele sebacee.<\/li>\n<li data-start=\"1840\" data-end=\"1914\"><strong data-start=\"1840\" data-end=\"1864\">Proteinele din lapte<\/strong> (cazein\u0103 \u0219i zer) pot deregla echilibrul hormonal.<\/li>\n<li data-start=\"1917\" data-end=\"2002\"><strong data-start=\"1917\" data-end=\"1955\">Lactatele degresate cresc insulina<\/strong>, ceea ce duce la mai mult sebum \u0219i inflama\u021bie.<\/li>\n<li data-start=\"2005\" data-end=\"2090\">Laptele afecteaz\u0103 <strong data-start=\"2023\" data-end=\"2044\">flora intestinal\u0103<\/strong> \u2013 iar s\u0103n\u0103tatea pielii porne\u0219te din interior.<\/li>\n<\/ul>\n<p class=\"\" data-start=\"2092\" data-end=\"2182\"><strong data-start=\"2092\" data-end=\"2182\">Pe scurt: laptele este un declan\u0219ator pentru multe persoane cu ten predispus la acnee.<\/strong><\/p>\n<h2 class=\"\" data-start=\"2189\" data-end=\"2256\">Cea mai bun\u0103 veste: Laptele vegetal este o alternativ\u0103 excelent\u0103<\/h2>\n<h3 class=\"\" data-start=\"2258\" data-end=\"2301\">Ce po\u021bi consuma \u00een loc de lapte clasic?<\/h3>\n<ul>\n<li data-start=\"2305\" data-end=\"2364\"><strong data-start=\"2305\" data-end=\"2325\">Lapte de migdale<\/strong> \u2013 antiinflamator, bogat \u00een vitamina E.<\/li>\n<li data-start=\"2367\" data-end=\"2436\"><strong data-start=\"2367\" data-end=\"2384\">Lapte de ov\u0103z<\/strong> \u2013 calmant pentru piele, ideal pentru cei sensibili.<\/li>\n<li data-start=\"2439\" data-end=\"2482\"><strong data-start=\"2439\" data-end=\"2457\">Lapte de cocos<\/strong> \u2013 antibacterian natural.<\/li>\n<li data-start=\"2485\" data-end=\"2555\"><strong data-start=\"2485\" data-end=\"2502\">Lapte de soia<\/strong> \u2013 echilibrat, dar de preferat \u00een cantit\u0103\u021bi moderate.<\/li>\n<\/ul>\n<p class=\"\" data-start=\"2557\" data-end=\"2653\"><strong data-start=\"2560\" data-end=\"2590\">Alege variante ne\u00eendulcite<\/strong> pentru a evita efectele negative ale zah\u0103rului asupra tenului.<\/p>\n<h2 class=\"\" data-start=\"3086\" data-end=\"3129\">Dou\u0103 tratamente care \u00ee\u021bi pot transforma tenul cu acnee<\/h2>\n<p><a href=\"https:\/\/martinclinic.ro\/wp-content\/uploads\/2025\/04\/acnee-tratament-acasa.jpg\"><img loading=\"lazy\" decoding=\"async\" class=\"aligncenter wp-image-44201\" src=\"https:\/\/martinclinic.ro\/wp-content\/uploads\/2025\/04\/acnee-tratament-acasa.jpg\" alt=\"Dou\u0103 tratamente care \u00ee\u021bi pot transforma tenul cu acnee\" width=\"602\" height=\"401\" srcset=\"https:\/\/martinclinic.ro\/wp-content\/uploads\/2025\/04\/acnee-tratament-acasa.jpg 996w, https:\/\/martinclinic.ro\/wp-content\/uploads\/2025\/04\/acnee-tratament-acasa-300x200.jpg 300w, https:\/\/martinclinic.ro\/wp-content\/uploads\/2025\/04\/acnee-tratament-acasa-768x512.jpg 768w, https:\/\/martinclinic.ro\/wp-content\/uploads\/2025\/04\/acnee-tratament-acasa-600x400.jpg 600w\" sizes=\"auto, (max-width: 602px) 100vw, 602px\" \/><\/a><\/p>\n<p class=\"\" data-start=\"3131\" data-end=\"3279\">Pe l\u00e2ng\u0103 diet\u0103, tratamentul corect \u0219i personalizat face diferen\u021ba. Iat\u0103 dou\u0103 produse pe care le recomand din inim\u0103 \u0219i care ofer\u0103 rezultate vizibile:<\/p>\n<h3 class=\"\" data-start=\"3281\" data-end=\"3454\">1. <strong data-start=\"3289\" data-end=\"3306\">Sebum Control<\/strong> \u2013 ser facial cu acid salicilic pentru ten gras cu efect de luminozitate 30ml<\/h3>\n<ul>\n<li data-start=\"3458\" data-end=\"3525\">Con\u021bine <strong data-start=\"3466\" data-end=\"3484\">salicylic acid<\/strong> \u2013 ingredient esen\u021bial \u00een lupta cu acneea<\/li>\n<li data-start=\"3528\" data-end=\"3553\">Reduce produc\u021bia de sebum<\/li>\n<li data-start=\"3556\" data-end=\"3632\">Ofer\u0103 un <strong data-start=\"3565\" data-end=\"3603\">efect de matifiere \u0219i luminozitate<\/strong> \u00eenc\u0103 de la primele utiliz\u0103ri<\/li>\n<li data-start=\"3635\" data-end=\"3671\">Ideal pentru <strong data-start=\"3648\" data-end=\"3671\">tenul gras sau mixt<\/strong><\/li>\n<\/ul>\n<h3 class=\"\" data-start=\"3673\" data-end=\"3871\">2. <strong data-start=\"3681\" data-end=\"3697\">Pore Control<\/strong> \u2013 masc\u0103 facial\u0103 care ofer\u0103 hidratare intens\u0103, echilibreaz\u0103 pH-ul pielii \u0219i \u00eenl\u0103tur\u0103 celulele moarte 50ml<\/h3>\n<ul>\n<li data-start=\"3875\" data-end=\"3923\">Cur\u0103\u021b\u0103 \u0219i <strong data-start=\"3885\" data-end=\"3923\">dezincrusteaz\u0103 porii \u00een profunzime<\/strong><\/li>\n<li data-start=\"3926\" data-end=\"3945\">Calmeaz\u0103 inflama\u021bia<\/li>\n<li data-start=\"3948\" data-end=\"3999\">Potrivit\u0103 pentru <strong data-start=\"3965\" data-end=\"3999\">folosire de 2 ori pe s\u0103pt\u0103m\u00e2n\u0103<\/strong><\/li>\n<li data-start=\"4002\" data-end=\"4050\">Las\u0103 pielea <strong data-start=\"4014\" data-end=\"4050\">neted\u0103, hidratat\u0103 \u0219i echilibrat\u0103<\/strong><\/li>\n<\/ul>\n<p class=\"\" data-start=\"4052\" data-end=\"4146\"><strong data-start=\"4052\" data-end=\"4087\">Combinate \u00eentr-o rutin\u0103 corect\u0103<\/strong>, aceste produse pot transforma vizibil un ten problematic.<\/p>\n\t\t<\/div>\n\t\t\t\t\t<\/div>\n\n\t\n\n\t<div id=\"col-1461254936\" class=\"col medium-6 small-12 large-6\"  >\n\t\t\t\t<div class=\"col-inner\"  >\n\t\t\t\n\t\t\t\n\t\n  \n    <div class=\"row large-columns-2 medium-columns- small-columns- row-small slider row-slider slider-nav-reveal slider-nav-push\"  data-flickity-options='{&quot;imagesLoaded&quot;: true, &quot;groupCells&quot;: &quot;100%&quot;, &quot;dragThreshold&quot; : 5, &quot;cellAlign&quot;: &quot;left&quot;,&quot;wrapAround&quot;: true,&quot;prevNextButtons&quot;: true,&quot;percentPosition&quot;: true,&quot;pageDots&quot;: false, &quot;rightToLeft&quot;: false, &quot;autoPlay&quot; : false}' >\n\n  <\/div>\n\t\t<\/div>\n\t\t\t\t\t<\/div>\n\n\t\n\n\t<div id=\"col-606871922\" class=\"col small-12 large-12\"  >\n\t\t\t\t<div class=\"col-inner\"  >\n\t\t\t\n\t\t\t\n<h2 class=\"\" data-start=\"4153\" data-end=\"4199\">\u00centreb\u0103ri frecvente despre lactate \u0219i acnee<\/h2>\n<ol>\n<li><strong>Lactatele provoac\u0103 acnee la toat\u0103 lumea?<\/strong><br \/>\nNu. <strong data-start=\"4250\" data-end=\"4286\">Fiecare ten reac\u021bioneaz\u0103 diferit<\/strong>, \u00eens\u0103 dac\u0103 ai ten acneic, merit\u0103 s\u0103 \u00eencerci o perioad\u0103 f\u0103r\u0103 lactate pentru a observa efectele.<\/li>\n<li><strong>Iaurtul este la fel de r\u0103u ca laptele?<\/strong><br \/>\n<strong data-start=\"4426\" data-end=\"4445\">Iaurtul natural<\/strong> poate fi mai bine tolerat datorit\u0103 probioticelor, \u00eens\u0103 efectul variaz\u0103. Evit\u0103 iaurturile cu zah\u0103r ad\u0103ugat.<\/li>\n<li><strong>Dac\u0103 opresc lactatele, acneea dispare imediat?<\/strong><br \/>\n<strong data-start=\"4605\" data-end=\"4648\">Efectele pot ap\u0103rea dup\u0103 2-4 s\u0103pt\u0103m\u00e2ni.<\/strong> Pielea are nevoie de timp pentru a se echilibra.<\/li>\n<li><strong>Ce pot consuma \u00een loc de br\u00e2nz\u0103 \u0219i lapte?<\/strong><br \/>\nAlternative excelente includ: <strong data-start=\"4775\" data-end=\"4796\">br\u00e2nz\u0103 de migdale<\/strong>, <strong data-start=\"4798\" data-end=\"4806\">tofu<\/strong>, <strong data-start=\"4808\" data-end=\"4825\">lapte vegetal<\/strong>, <strong data-start=\"4827\" data-end=\"4860\">nuci \u0219i semin\u021be pentru calciu<\/strong>.<\/li>\n<\/ol>\n<p><strong data-start=\"4882\" data-end=\"4951\">Consumul de lapte poate contribui semnificativ la apari\u021bia acneei<\/strong>, \u00een special \u00een cazul persoanelor predispuse.<\/p>\n<p>Dac\u0103 ai \u00eencercat mai multe tratamente f\u0103r\u0103 succes, ia \u00een considerare o schimbare \u00een alimenta\u021bie.<\/p>\n<p><strong data-start=\"5094\" data-end=\"5119\">Eliminarea lactatelor<\/strong> \u0219i introducerea unor <strong data-start=\"5141\" data-end=\"5180\">produse dermato-cosmetice eficiente<\/strong> pot aduce rezultate reale.<\/p>\n<p><strong data-start=\"5209\" data-end=\"5243\">Alimentele care provoac\u0103 acnee<\/strong> sunt mai des \u00eent\u00e2lnite \u00een alimenta\u021bia modern\u0103 dec\u00e2t ne place s\u0103 recunoa\u0219tem, iar laptele este unul dintre ele.<\/p>\n<p>\u00cen calitate de medic, \u00ee\u021bi recomand s\u0103-\u021bi observi corpul, s\u0103 fii bl\u00e2nd(\u0103) cu pielea ta \u0219i s\u0103 alegi <strong data-start=\"5453\" data-end=\"5511\">tratamente care respect\u0103 echilibrul natural al tenului<\/strong>.<\/p>\n<p class=\"\" data-start=\"5514\" data-end=\"5717\">Pentru mai multe recomand\u0103ri \u0219i produse create special pentru tenul acneic, te invit s\u0103 descoperi <a href=\"https:\/\/martinclinic.ro\/en\/product\/in-skincare\/\" target=\"_blank\" rel=\"noopener\"><strong>gama complet\u0103 EM Skincare<\/strong><\/a>.<\/p>\n<p class=\"\" data-start=\"5724\" data-end=\"5747\"><strong data-start=\"5724\" data-end=\"5746\">Surse \u0219i referin\u021be<\/strong>:<\/p>\n<ul>\n<li data-start=\"5886\" data-end=\"6014\"><a class=\"\" href=\"https:\/\/www.health.harvard.edu\/blog\/does-diet-really-matter-when-it-comes-to-adult-acne-2020081920726\" target=\"_blank\" rel=\"noopener\" data-start=\"5886\" data-end=\"6014\">Harvard Health \u2013 Diet and acne: the full story<\/a><\/li>\n<li data-start=\"6017\" data-end=\"6118\"><a class=\"\" href=\"https:\/\/www.ncbi.nlm.nih.gov\/pmc\/articles\/PMC2836431\/\" target=\"_blank\" rel=\"noopener\" data-start=\"6017\" data-end=\"6118\">National Library of Medicine \u2013 Milk and acne<\/a><\/li>\n<\/ul>\n\t\t<\/div>\n\t\t\t\t\t<\/div>\n\n\t\n<\/div>","protected":false},"excerpt":{"rendered":"","protected":false},"author":2,"featured_media":44202,"comment_status":"open","ping_status":"open","sticky":false,"template":"","format":"standard","meta":{"footnotes":""},"categories":[126],"tags":[],"class_list":["post-44200","post","type-post","status-publish","format-standard","has-post-thumbnail","hentry","category-blog"],"_links":{"self":[{"href":"https:\/\/martinclinic.ro\/en\/wp-json\/wp\/v2\/posts\/44200","targetHints":{"allow":["GET"]}}],"collection":[{"href":"https:\/\/martinclinic.ro\/en\/wp-json\/wp\/v2\/posts"}],"about":[{"href":"https:\/\/martinclinic.ro\/en\/wp-json\/wp\/v2\/types\/post"}],"author":[{"embeddable":true,"href":"https:\/\/martinclinic.ro\/en\/wp-json\/wp\/v2\/users\/2"}],"replies":[{"embeddable":true,"href":"https:\/\/martinclinic.ro\/en\/wp-json\/wp\/v2\/comments?post=44200"}],"version-history":[{"count":0,"href":"https:\/\/martinclinic.ro\/en\/wp-json\/wp\/v2\/posts\/44200\/revisions"}],"wp:featuredmedia":[{"embeddable":true,"href":"https:\/\/martinclinic.ro\/en\/wp-json\/wp\/v2\/media\/44202"}],"wp:attachment":[{"href":"https:\/\/martinclinic.ro\/en\/wp-json\/wp\/v2\/media?parent=44200"}],"wp:term":[{"taxonomy":"category","embeddable":true,"href":"https:\/\/martinclinic.ro\/en\/wp-json\/wp\/v2\/categories?post=44200"},{"taxonomy":"post_tag","embeddable":true,"href":"https:\/\/martinclinic.ro\/en\/wp-json\/wp\/v2\/tags?post=44200"}],"curies":[{"name":"wp","href":"https:\/\/api.w.org\/{rel}","templated":true}]}}